{"id":76,"date":"2006-11-19T20:55:25","date_gmt":"2006-11-19T18:55:25","guid":{"rendered":"http:\/\/www.carceri.dk\/blog\/?p=76"},"modified":"2008-08-12T15:55:54","modified_gmt":"2008-08-12T13:55:54","slug":"kleine-scheidegg-og-jungfrau","status":"publish","type":"post","link":"https:\/\/www.bytopia.dk\/blog\/2006\/11\/19\/kleine-scheidegg-og-jungfrau\/","title":{"rendered":"Kleine Scheidegg og Jungfrau"},"content":{"rendered":"<p>Denne uge har v\u00e6ret ret travl mht. arbejde, men tilgeng\u00e6ld ser meget af det ud til at forts\u00e6tte lidt ind i n\u00e6ste uge \ud83d\ude42 Jeg har dog f\u00e5et l\u00f8st mit pengeproblem, s\u00e5 nu er det igen muligt at klare sig hernede. Sjovt at t\u00e6nke p\u00e5 at jeg har under en m\u00e5ned tilbage af mit ophold her. S\u00e5 l\u00e6nge synes jeg nu heller ikke jeg har v\u00e6ret her, selvom jeg nu alligevel f\u00f8ler mig i ganske hjemlige omgivelser her.<\/p>\n<p>Familien jeg bor hos er taget p\u00e5 ferie, s\u00e5 dem ser jeg ikke mere under mit ophold, men tilgeng\u00e6ld er en anden fyr flyttet ind i lejligheden. Jeg har ikke rigtigt snakket med ham endnu, men han virker ganske flink. Han taler ikke ret godt engelsk, noget bedre tysk og fint italiensk (han er italiener) s\u00e5 det bliver sjovt at se hvordan vi kommunikere. Det er jo ogs\u00e5 de tre fremmedsprog jeg kan bedst \ud83d\ude42<\/p>\n<p>Ellers skal jeg love for at det er blevet efter\u00e5r her i Z\u00fcrich. Det ser ud som om at alle tr\u00e6erne i dag kollektivt besluttede at smide bladene. Det regner med visne blade rundt omkring i byen, og selv folk hernede har sv\u00e6rt ved at holde gaderne rene, selvom de g\u00f8r et godt fors\u00f8g .<\/p>\n<p>Jeg har forresten endelig f\u00e5et lagt nogle billeder p\u00e5 nettet fra vores tur til <a href=\"http:\/\/www.carceri.dk\/gallery\/v\/jungfrau\/\">Jungfrau<\/a> for et par uger siden. Selvom udsigten ikke var s\u00e5 storsl\u00e5et som RNA Belmont, s\u00e5 var det alligevel et imponerende syn at tage toget op i 2100 meters h\u00f8jde hvorefter vi fortsatte opad til fods. En ikke helt let tur.<\/p>\n","protected":false},"excerpt":{"rendered":"<p>Denne uge har v\u00e6ret ret travl mht. arbejde, men tilgeng\u00e6ld ser meget af det ud til at forts\u00e6tte lidt ind i n\u00e6ste uge \ud83d\ude42 Jeg har dog f\u00e5et l\u00f8st mit pengeproblem, s\u00e5 nu er det igen muligt at klare sig hernede. Sjovt at t\u00e6nke p\u00e5 at jeg har under en m\u00e5ned tilbage af mit ophold [&hellip;]<\/p>\n","protected":false},"author":3,"featured_media":0,"comment_status":"open","ping_status":"open","sticky":false,"template":"","format":"standard","meta":{"ngg_post_thumbnail":0,"footnotes":""},"categories":[11,3,10],"tags":[],"class_list":["post-76","post","type-post","status-publish","format-standard","hentry","category-fotoalbum","category-personlig","category-rejse"],"_links":{"self":[{"href":"https:\/\/www.bytopia.dk\/blog\/wp-json\/wp\/v2\/posts\/76","targetHints":{"allow":["GET"]}}],"collection":[{"href":"https:\/\/www.bytopia.dk\/blog\/wp-json\/wp\/v2\/posts"}],"about":[{"href":"https:\/\/www.bytopia.dk\/blog\/wp-json\/wp\/v2\/types\/post"}],"author":[{"embeddable":true,"href":"https:\/\/www.bytopia.dk\/blog\/wp-json\/wp\/v2\/users\/3"}],"replies":[{"embeddable":true,"href":"https:\/\/www.bytopia.dk\/blog\/wp-json\/wp\/v2\/comments?post=76"}],"version-history":[{"count":0,"href":"https:\/\/www.bytopia.dk\/blog\/wp-json\/wp\/v2\/posts\/76\/revisions"}],"wp:attachment":[{"href":"https:\/\/www.bytopia.dk\/blog\/wp-json\/wp\/v2\/media?parent=76"}],"wp:term":[{"taxonomy":"category","embeddable":true,"href":"https:\/\/www.bytopia.dk\/blog\/wp-json\/wp\/v2\/categories?post=76"},{"taxonomy":"post_tag","embeddable":true,"href":"https:\/\/www.bytopia.dk\/blog\/wp-json\/wp\/v2\/tags?post=76"}],"curies":[{"name":"wp","href":"https:\/\/api.w.org\/{rel}","templated":true}]}}