{"id":49,"date":"2006-10-21T12:14:30","date_gmt":"2006-10-21T10:14:30","guid":{"rendered":"http:\/\/www.carceri.dk\/blog\/?p=49"},"modified":"2008-08-10T00:48:44","modified_gmt":"2008-08-09T22:48:44","slug":"saa-skete-det","status":"publish","type":"post","link":"https:\/\/www.bytopia.dk\/blog\/2006\/10\/21\/saa-skete-det\/","title":{"rendered":"S\u00e5 skete det"},"content":{"rendered":"<p>Jep, det er sket. Lindt chokoladejulem\u00e6nd i supermarkedet. Ved ikke om der allerede har v\u00e6ret tegn p\u00e5 jul i Danmark, men det er \u00e5rets f\u00f8rste tegn p\u00e5 jul hernede \ud83d\ude42<\/p>\n<p>P\u00e5 arbejdet er det ved at g\u00e5 godt, og vi er nu ret optimistiske mht. vores artikel. Jeg er flere gange blevet spurgt om hvad jeg egentlig laver, men har indtil videre blot afvist det med at det nok ikke vil give mening at forklare. En af de n\u00e6rmeste dage vil jeg dog skrive et l\u00e6ngere indl\u00e6g her om hvad jeg laver hernede rent fagligt, og skal nok f\u00e5 det skrevet s\u00e5 det giver mening for alle (h\u00e5ber jeg \ud83d\ude42 Hvis man l\u00e6ser denne blog f\u00e5r man jo n\u00e6sten indtrykket af at her ikke sker noget fagligt, og det er langt fra tilf\u00e6ldet.<\/p>\n<p>P\u00e5 det sociale plan har det nu ogs\u00e5 v\u00e6ret en travl uge. Tirsdag var der karaoke-aften p\u00e5 en bar her i n\u00e6rheden. S\u00e6rt sted drevet af et par japanere (hvem ellers) og ved f\u00f8rste \u00f8jekast lignede det et sted hvor folk i deres midtvejskrise samledes. Der var 6 personer i baren der bare sad og kiggede ud i luften mens en sang med p\u00e5 en eller anden stille, s\u00f8rgelig sang. Den stemning blev dog \u00e6ndret da ca. 20 studerende fra forskellige lande indtog stedet. Jeg tog hjem omkring midnat, men jeg h\u00f8rte da fra de andre at de blev smidt ud kl. 3:30 om natten fordi stedet skulle til at lukke \ud83d\ude42<\/p>\n<p>Torsdag var der s\u00e5 det ugentlige m\u00f8de for de internationale studenter, hvor jeg havde f\u00e5et lokket den nye canadiske pige fra IBM med. Det var stille og roligt, men ganske hyggeligt&#8230; og s\u00e5 fik vi at vide at tre af personerne skulle tage hjem, s\u00e5 derfor ville der blive holdt en afskedsfest dagen efter. Den skulle jeg naturligvis med til. S\u00e5 fredag aften troppede jeg op ude ved en stor gr\u00e5 bygning der viste sig at v\u00e6re et kollegie, og festen foregik i kollegiebaren. I starten var der ikke ret mange mennesker, men det \u00e6ndrede sig hurtigt. Det var sjovt at se hvordan folk fra forskellige lande fester, is\u00e6r en flok fra Brasilien levede op til det ry de nu har hvad ang\u00e5r at holde fest \ud83d\ude42 Og s\u00e5 fik jeg ogs\u00e5 demonstreret at Danmark kunne sl\u00e5 alle andre lande i fodbold&#8230; okay, bordfodbold i hvert fald \ud83d\ude42 Klokken 2:30 blev jeg dog n\u00f8dt til at tage hjemad, da der var en person der kraftigt havde brug for at sove, og ikke var helt sikker p\u00e5 at han kunne finde hjem. Jeg n\u00e6vner ingen navne, men jeg har dog snakket med Niek her til morgen, og han er frisk igen \ud83d\ude42<\/p>\n<p>Planer for i dag er der ikke ret mange af, men jeg vil nok benytte muligheden for at smutte i byen og kigge lidt p\u00e5 forretninger. Bare for at se hvad prisniveauet er og hvilke ting de har hernede. Man er jo lidt nysgerrig.<\/p>\n<p>H\u00e5ber I alle hygger jer derhjemme, for det g\u00f8r jeg her \ud83d\ude42 <\/p>\n","protected":false},"excerpt":{"rendered":"<p>Jep, det er sket. Lindt chokoladejulem\u00e6nd i supermarkedet. Ved ikke om der allerede har v\u00e6ret tegn p\u00e5 jul i Danmark, men det er \u00e5rets f\u00f8rste tegn p\u00e5 jul hernede \ud83d\ude42 P\u00e5 arbejdet er det ved at g\u00e5 godt, og vi er nu ret optimistiske mht. vores artikel. Jeg er flere gange blevet spurgt om hvad [&hellip;]<\/p>\n","protected":false},"author":3,"featured_media":0,"comment_status":"open","ping_status":"open","sticky":false,"template":"","format":"standard","meta":{"ngg_post_thumbnail":0,"footnotes":""},"categories":[3,10],"tags":[],"class_list":["post-49","post","type-post","status-publish","format-standard","hentry","category-personlig","category-rejse"],"_links":{"self":[{"href":"https:\/\/www.bytopia.dk\/blog\/wp-json\/wp\/v2\/posts\/49","targetHints":{"allow":["GET"]}}],"collection":[{"href":"https:\/\/www.bytopia.dk\/blog\/wp-json\/wp\/v2\/posts"}],"about":[{"href":"https:\/\/www.bytopia.dk\/blog\/wp-json\/wp\/v2\/types\/post"}],"author":[{"embeddable":true,"href":"https:\/\/www.bytopia.dk\/blog\/wp-json\/wp\/v2\/users\/3"}],"replies":[{"embeddable":true,"href":"https:\/\/www.bytopia.dk\/blog\/wp-json\/wp\/v2\/comments?post=49"}],"version-history":[{"count":0,"href":"https:\/\/www.bytopia.dk\/blog\/wp-json\/wp\/v2\/posts\/49\/revisions"}],"wp:attachment":[{"href":"https:\/\/www.bytopia.dk\/blog\/wp-json\/wp\/v2\/media?parent=49"}],"wp:term":[{"taxonomy":"category","embeddable":true,"href":"https:\/\/www.bytopia.dk\/blog\/wp-json\/wp\/v2\/categories?post=49"},{"taxonomy":"post_tag","embeddable":true,"href":"https:\/\/www.bytopia.dk\/blog\/wp-json\/wp\/v2\/tags?post=49"}],"curies":[{"name":"wp","href":"https:\/\/api.w.org\/{rel}","templated":true}]}}