{"id":47,"date":"2006-10-16T22:49:56","date_gmt":"2006-10-16T20:49:56","guid":{"rendered":"http:\/\/www.carceri.dk\/blog\/?p=47"},"modified":"2008-08-10T00:47:29","modified_gmt":"2008-08-09T22:47:29","slug":"mandag-i-zurich","status":"publish","type":"post","link":"https:\/\/www.bytopia.dk\/blog\/2006\/10\/16\/mandag-i-zurich\/","title":{"rendered":"Mandag i Z\u00fcrich"},"content":{"rendered":"<p>Jaja, jeg ved godt at jeg ikke skriver ret meget her p\u00e5 det sidste, men jeg kan da forsikre alle jer l\u00e6sere om at jeg trives i bedste velg\u00e5ende hernede. Desuden betyder manglen p\u00e5 tekst fra min side, blot at jeg ikke ret ofte sidder alene hjemme og h\u00e6nger ved computeren \ud83d\ude42 Desuden er der heller ikke altid lige meget at berette. Hverdagene har jo en tendens til at g\u00e5 mest op i arbejde, og skal jeg lige en tur i fitness centeret bagefter, s\u00e5 er klokken over 20:00 inden jeg er hjemme og kan lave aftensmad. Heldigvis er arbejdet hos IBM interessant og ikke mindst l\u00e6rerigt, s\u00e5 jeg har intet imod at bruge en del tid p\u00e5 det. Man har jo altid weekenderne til at lave alt det andet \ud83d\ude42<\/p>\n<p>Dog er antallet af venner hernede faldet med et par stykker, da Tina og Patrick er taget hjem igen. Tina har dog sagt at hun vender tilbage et par dage i n\u00e6ste m\u00e5ned, og s\u00e5 har hun lovet lige at kontakte mig s\u00e5 vi kan lave et eller andet sammen. Vi skylder stadig hinanden en dagstur til Luzern \ud83d\ude42<\/p>\n<p>Bare lige en opdatering herfra, s\u00e5 I ved at jeg ikke har glemt jer derhjemme. Og skulle I v\u00e6re bange for det, s\u00e5 kan I jo altid sende mig en mail \ud83d\ude42<\/p>\n","protected":false},"excerpt":{"rendered":"<p>Jaja, jeg ved godt at jeg ikke skriver ret meget her p\u00e5 det sidste, men jeg kan da forsikre alle jer l\u00e6sere om at jeg trives i bedste velg\u00e5ende hernede. Desuden betyder manglen p\u00e5 tekst fra min side, blot at jeg ikke ret ofte sidder alene hjemme og h\u00e6nger ved computeren \ud83d\ude42 Desuden er der [&hellip;]<\/p>\n","protected":false},"author":3,"featured_media":0,"comment_status":"open","ping_status":"open","sticky":false,"template":"","format":"standard","meta":{"ngg_post_thumbnail":0,"footnotes":""},"categories":[3,10],"tags":[],"class_list":["post-47","post","type-post","status-publish","format-standard","hentry","category-personlig","category-rejse"],"_links":{"self":[{"href":"https:\/\/www.bytopia.dk\/blog\/wp-json\/wp\/v2\/posts\/47","targetHints":{"allow":["GET"]}}],"collection":[{"href":"https:\/\/www.bytopia.dk\/blog\/wp-json\/wp\/v2\/posts"}],"about":[{"href":"https:\/\/www.bytopia.dk\/blog\/wp-json\/wp\/v2\/types\/post"}],"author":[{"embeddable":true,"href":"https:\/\/www.bytopia.dk\/blog\/wp-json\/wp\/v2\/users\/3"}],"replies":[{"embeddable":true,"href":"https:\/\/www.bytopia.dk\/blog\/wp-json\/wp\/v2\/comments?post=47"}],"version-history":[{"count":0,"href":"https:\/\/www.bytopia.dk\/blog\/wp-json\/wp\/v2\/posts\/47\/revisions"}],"wp:attachment":[{"href":"https:\/\/www.bytopia.dk\/blog\/wp-json\/wp\/v2\/media?parent=47"}],"wp:term":[{"taxonomy":"category","embeddable":true,"href":"https:\/\/www.bytopia.dk\/blog\/wp-json\/wp\/v2\/categories?post=47"},{"taxonomy":"post_tag","embeddable":true,"href":"https:\/\/www.bytopia.dk\/blog\/wp-json\/wp\/v2\/tags?post=47"}],"curies":[{"name":"wp","href":"https:\/\/api.w.org\/{rel}","templated":true}]}}