{"id":398,"date":"2008-04-08T06:54:50","date_gmt":"2008-04-08T04:54:50","guid":{"rendered":"http:\/\/www.carceri.dk\/blog\/?p=398"},"modified":"2008-08-12T21:41:40","modified_gmt":"2008-08-12T19:41:40","slug":"saa-gaar-det-loes","status":"publish","type":"post","link":"https:\/\/www.bytopia.dk\/blog\/2008\/04\/08\/saa-gaar-det-loes\/","title":{"rendered":"S\u00e5 g\u00e5r det l\u00f8s"},"content":{"rendered":"<p>S\u00e5 er det tredje dag her i San Francisco, og i dag startede konferencen s\u00e5. Det var dog kun med noget introduktion, velkomstreception, samt udstillingshallen der \u00e5bnede hen p\u00e5 aftenen, s\u00e5 dagen indtil da gik med at sidde og fede den p\u00e5 en sofa, samt nyde godt af de gratis forsyninger, der var stillet frem i &#8220;Speakers Lounge&#8221;.<\/p>\n<p>Under en introduktion til konferencen for nye deltagere, blev nogle af de s\u00e6rligt interessante sessions fremh\u00e6vet, hvilket til min store forundring inkluderede den session, hvor jeg er en ud af to, der skal pr\u00e6sentere. Jeg havde ellers troet at jeg skulle holde en lille hyggelig pr\u00e6sentation for ca. 10 personer, men med den eksponering s\u00e5 skal jeg nok regne med en del flere. Anyway, det g\u00f8r ikke noget, for i dag var netop ogs\u00e5 dagen hvor jeg fik lavet min pr\u00e6sentation f\u00e6rdig \ud83d\ude42 I den forbindelse m\u00e5 jeg ogs\u00e5 lige komme med en rettelse. Der er ikke 2000 speakers p\u00e5 konferencen. Der er &#8220;kun&#8221; 500 ud af de ca. 17.000 deltage, der skal pr\u00e6sentere noget.<\/p>\n<p>Da de f\u00f8rste ting var afsluttet, var der velkomstreception inde i udstillingshallen, og jeg har da aldrig set noget lignende. En k\u00e6mpe hal, fyldt med stande hvor firmaer stod og k\u00e6mpede om ens opm\u00e6rksomhed, ved at tilbyde gratis gaver, eller stille kvinder op i ret lidt t\u00f8j, for at fange folks opm\u00e6rksomhed (jeg fandt forresten aldrig ud af hvad det firma egentlig lavede \ud83d\ude42 Der var dog ogs\u00e5 gratis mad og \u00f8l, som vi naturligvis benyttede os af. Det er sv\u00e6rt at beskrive stemningen s\u00e5dan et sted, men h\u00e5ber da at billederne jeg poster senere, kan give en id\u00e9 om det.<\/p>\n<p>Vi ventede egentlig p\u00e5 at den tredje person fra Aarhus Universitet skulle ankomme, da han tidligere havde lovet at v\u00e6re vores guide, men han ankom og gik \u00e5benbart i seng, for vi h\u00f8rte aldrig mere fra ham. I morgen s\u00e5 skylder han os dog en bytur om aftenen, efter vi har v\u00e6ret til Speakers Dinner. Vi er nemlig alle tre talere p\u00e5 konferencen.<\/p>\n","protected":false},"excerpt":{"rendered":"<p>S\u00e5 er det tredje dag her i San Francisco, og i dag startede konferencen s\u00e5. Det var dog kun med noget introduktion, velkomstreception, samt udstillingshallen der \u00e5bnede hen p\u00e5 aftenen, s\u00e5 dagen indtil da gik med at sidde og fede den p\u00e5 en sofa, samt nyde godt af de gratis forsyninger, der var stillet frem [&hellip;]<\/p>\n","protected":false},"author":3,"featured_media":0,"comment_status":"open","ping_status":"open","sticky":false,"template":"","format":"standard","meta":{"ngg_post_thumbnail":0,"footnotes":""},"categories":[3,10],"tags":[],"class_list":["post-398","post","type-post","status-publish","format-standard","hentry","category-personlig","category-rejse"],"_links":{"self":[{"href":"https:\/\/www.bytopia.dk\/blog\/wp-json\/wp\/v2\/posts\/398","targetHints":{"allow":["GET"]}}],"collection":[{"href":"https:\/\/www.bytopia.dk\/blog\/wp-json\/wp\/v2\/posts"}],"about":[{"href":"https:\/\/www.bytopia.dk\/blog\/wp-json\/wp\/v2\/types\/post"}],"author":[{"embeddable":true,"href":"https:\/\/www.bytopia.dk\/blog\/wp-json\/wp\/v2\/users\/3"}],"replies":[{"embeddable":true,"href":"https:\/\/www.bytopia.dk\/blog\/wp-json\/wp\/v2\/comments?post=398"}],"version-history":[{"count":0,"href":"https:\/\/www.bytopia.dk\/blog\/wp-json\/wp\/v2\/posts\/398\/revisions"}],"wp:attachment":[{"href":"https:\/\/www.bytopia.dk\/blog\/wp-json\/wp\/v2\/media?parent=398"}],"wp:term":[{"taxonomy":"category","embeddable":true,"href":"https:\/\/www.bytopia.dk\/blog\/wp-json\/wp\/v2\/categories?post=398"},{"taxonomy":"post_tag","embeddable":true,"href":"https:\/\/www.bytopia.dk\/blog\/wp-json\/wp\/v2\/tags?post=398"}],"curies":[{"name":"wp","href":"https:\/\/api.w.org\/{rel}","templated":true}]}}