{"id":39,"date":"2006-10-03T21:47:21","date_gmt":"2006-10-03T19:47:21","guid":{"rendered":"http:\/\/www.carceri.dk\/blog\/?p=39"},"modified":"2008-08-12T15:56:32","modified_gmt":"2008-08-12T13:56:32","slug":"loest-og-fast-fra-zurich","status":"publish","type":"post","link":"https:\/\/www.bytopia.dk\/blog\/2006\/10\/03\/loest-og-fast-fra-zurich\/","title":{"rendered":"L\u00f8st og fast fra Z\u00fcrich"},"content":{"rendered":"<p>S\u00e5 kommer der lige lidt l\u00f8st og fast (mest l\u00f8st egentlig) om hvad der er sket her i Z\u00fcrich de sidste par dage. Fredag var jeg en smut i byen, men ikke noget fancy. Bare ned og f\u00e5 et par \u00f8l med en gr\u00e6ker jeg har m\u00f8dt hernede. L\u00f8rdag tog jeg s\u00e5 til min f\u00f8rste spinningtime i &#8220;mit&#8221; fitnesscenter. Det var en lidt underlig oplevelse. Selve timen var ikke specielt h\u00e5rd, selvom den varede 1:15 i mods\u00e6tning til den ene time jeg er vant til. Det kunne dog skyldes at jeg ikke forstod ret meget af hvad instrukt\u00f8ren sagde, s\u00e5 jeg gav ikke s\u00e5 meget som normalt. Jeg vidste jo ikke hvor l\u00e6nge vi skulle blive ved \ud83d\ude42 Og s\u00e5 var der kun to fyre og ca. 15 piger p\u00e5 holdet, hvilket heller ikke er den fordeling jeg er vant til. Ikke at jeg har noget imod det skal da lige tilf\u00f8jes \ud83d\ude42<\/p>\n<p>S\u00f8ndag hjalp jeg Niek med at flytte, men det var nu ret hurtigt klaret. Derefter endte vi p\u00e5 en Starbucks hvor vi fik lidt at drikke mens det regnere ret kraftigt udenfor. Efter at have brugt et par timer der, ledte vi efter et sted at spise aftensmad. Vi fandt en restaurant der serverede traditionel schweizisk mad, og n\u00e5r vi nu er her, s\u00e5 skal det da pr\u00f8ves. Det blev til husets ostefondue, som bestod af fire forskellige slags oste, kogt sammen og s\u00e5 br\u00f8d, man kunne dyppe i det. Faktisk slet ikke d\u00e5rligt, men efter s\u00e5dan en 200-300 gram ost per mand med br\u00f8d til, s\u00e5 er man ved at v\u00e6re m\u00e6t \ud83d\ude42 Vi fortsatte ned p\u00e5 en hyggelig, stille og rolig bar i n\u00e6rheden hvor vi lige fik en enkelt \u00f8l og s\u00e5 var det den dag.<\/p>\n<p>Mandag og tisrdag (i dag) har s\u00e5 prim\u00e6rt v\u00e6ret fokuseret p\u00e5 arbejdet. Har nok sammenlagt brugt 7-8 timer med Susan (amerikansk post-doc fra MIT) foran en tavle, men nu er vi ogs\u00e5 ved at have noget at skrive om. Planen er at jeg skriver p\u00e5 artiklen nu, og s\u00e5 snakker vi sammen undervejs. Der stadig er en del l\u00f8se ender, men m\u00e5let er klart: Artiklen skal indsendes til <a href=\"http:\/\/www.iacr.org\/conferences\/eurocrypt2007\/\">Eurocrypt 2007<\/a> der har deadline 7. november. S\u00e5 ved vi da hvad vi skal n\u00e5 \ud83d\ude42 Dette passer ogs\u00e5 perfekt med at jeg tager et smut til Danmark den 8. november, s\u00e5 det kan jeg g\u00f8re med god samvittighed n\u00e5r jeg har f\u00e5et sendt den artikel ind.<\/p>\n<p>Lidt mere arbejdsrelateret, s\u00e5 har der i fredags v\u00e6ret det andet \u00e5rlige review p\u00e5 <a href=\"http:\/\/www.eu-domain.eu.com\/\">eu-DOMAIN<\/a> som er det EU projekt der rent faktisk betaler min ph.d. Jeg kunne ikke selv v\u00e6re med, men har f\u00e5et at vide at alt forl\u00f8b perfekt og den del jeg er medansvarlig for, blev endda fremh\u00e6vet som ekstra godt lavet. Det var faktisk ganske rart at h\u00f8re, da netop denne del blev sablet ned i f\u00f8rste review. Tror de frygtede lidt at vi bare havde skrevet noget, uden overhovedet at have styr p\u00e5 hvad vi lavede indenfor det omr\u00e5de, men det ser s\u00e5 ud til at vi har f\u00e5et overbevist dem om at det ikke var tilf\u00e6ldet. Nu er n\u00e6ste projektm\u00f8de 18-19. december i London. Det er godt nok lige efter at jeg kommer hjem fra Z\u00fcrich, men lidt juleindk\u00f8b i London lyder da ikke helt ringe \ud83d\ude42 Og s\u00e5 er det efterh\u00e5nden ogs\u00e5 et stykke tid siden jeg har v\u00e6ret med til et eu-DOMAIN m\u00f8de.<\/p>\n","protected":false},"excerpt":{"rendered":"<p>S\u00e5 kommer der lige lidt l\u00f8st og fast (mest l\u00f8st egentlig) om hvad der er sket her i Z\u00fcrich de sidste par dage. Fredag var jeg en smut i byen, men ikke noget fancy. Bare ned og f\u00e5 et par \u00f8l med en gr\u00e6ker jeg har m\u00f8dt hernede. L\u00f8rdag tog jeg s\u00e5 til min f\u00f8rste [&hellip;]<\/p>\n","protected":false},"author":3,"featured_media":0,"comment_status":"open","ping_status":"open","sticky":false,"template":"","format":"standard","meta":{"ngg_post_thumbnail":0,"footnotes":""},"categories":[3,10],"tags":[],"class_list":["post-39","post","type-post","status-publish","format-standard","hentry","category-personlig","category-rejse"],"_links":{"self":[{"href":"https:\/\/www.bytopia.dk\/blog\/wp-json\/wp\/v2\/posts\/39","targetHints":{"allow":["GET"]}}],"collection":[{"href":"https:\/\/www.bytopia.dk\/blog\/wp-json\/wp\/v2\/posts"}],"about":[{"href":"https:\/\/www.bytopia.dk\/blog\/wp-json\/wp\/v2\/types\/post"}],"author":[{"embeddable":true,"href":"https:\/\/www.bytopia.dk\/blog\/wp-json\/wp\/v2\/users\/3"}],"replies":[{"embeddable":true,"href":"https:\/\/www.bytopia.dk\/blog\/wp-json\/wp\/v2\/comments?post=39"}],"version-history":[{"count":0,"href":"https:\/\/www.bytopia.dk\/blog\/wp-json\/wp\/v2\/posts\/39\/revisions"}],"wp:attachment":[{"href":"https:\/\/www.bytopia.dk\/blog\/wp-json\/wp\/v2\/media?parent=39"}],"wp:term":[{"taxonomy":"category","embeddable":true,"href":"https:\/\/www.bytopia.dk\/blog\/wp-json\/wp\/v2\/categories?post=39"},{"taxonomy":"post_tag","embeddable":true,"href":"https:\/\/www.bytopia.dk\/blog\/wp-json\/wp\/v2\/tags?post=39"}],"curies":[{"name":"wp","href":"https:\/\/api.w.org\/{rel}","templated":true}]}}