{"id":37,"date":"2006-09-28T23:13:34","date_gmt":"2006-09-28T21:13:34","guid":{"rendered":"http:\/\/www.carceri.dk\/blog\/?p=37"},"modified":"2008-08-09T23:52:16","modified_gmt":"2008-08-09T21:52:16","slug":"torsdagsopdatering","status":"publish","type":"post","link":"https:\/\/www.bytopia.dk\/blog\/2006\/09\/28\/torsdagsopdatering\/","title":{"rendered":"Torsdagsopdatering"},"content":{"rendered":"<p>Er det allerede torsdag? Jeg synes ellers lige at jeg har skrevet indl\u00e6gget fra i s\u00f8ndags. Nuvel, men s\u00e5 vil jeg da til at skrive et eller andet igen \ud83d\ude42<\/p>\n<p>Det har indtil videre v\u00e6ret en travl uge. Mandag var jeg l\u00e6nge p\u00e5 arbejdet, og skulle k\u00f8be en masse ind f\u00f8r jeg tog hjem. Tirsdag m\u00f8dtes jeg med en gr\u00e6ker der lige var kommet til Z\u00fcrich og fik et par \u00f8l mens jeg fortalte ham om byen. Hyggelig fyr, men det var lidt specielt at skulle v\u00e6re guide, men jeg m\u00e5 jo efterh\u00e5nden erkende at jeg har v\u00e6ret her i pr\u00e6cist en m\u00e5ned i dag, s\u00e5 helt fremmed er byen jo ikke for mig mere. Onsdag var jeg inviteret til middag hos Tina og Patrick, hvor jeg s\u00e5 endelig m\u00f8dte Jean-Pierre som jeg havde lejet v\u00e6relset af. Desuden var Niek ogs\u00e5 inviteret, og en af Tina&#8217;s veninder kom ogs\u00e5. Det bet\u00f8d at der omkring middagsbordet sad en dansker, en holl\u00e6nder, en tysker, en polak, en fra Schweiz og en fra Peru. En lille international forsamling, og vi havde en hyggelig aften. Tina er ved at forberede sig til en eksamen, men n\u00e5r hun er f\u00e6rdig med den, tager vi p\u00e5 en udflugt til Luzern, s\u00e5 det vil jeg da gl\u00e6de mig til. Har p\u00e5 fornemmelsen at jeg nok skal f\u00e5 taget lidt billeder p\u00e5 den tur, selvom jeg faktisk glemte mit kamera b\u00e5de da vi tog til Uetliberg og da vi var i Zoo.<\/p>\n<p>I dag har jeg v\u00e6ret p\u00e5 arbejde og derefter i fitness centret. Skulle egentlig have v\u00e6ret i byen med de internationale studenter, men jeg er simpelthen for tr\u00e6t, s\u00e5 jeg blev hjemme. Man skal jo ogs\u00e5 slappe lidt af, og stort set hele denne uge har jeg v\u00e6ret p\u00e5 farten.<\/p>\n<p>Nu m\u00e5 vi se hvad weekenden bringer \ud83d\ude42<\/p>\n","protected":false},"excerpt":{"rendered":"<p>Er det allerede torsdag? Jeg synes ellers lige at jeg har skrevet indl\u00e6gget fra i s\u00f8ndags. Nuvel, men s\u00e5 vil jeg da til at skrive et eller andet igen \ud83d\ude42 Det har indtil videre v\u00e6ret en travl uge. Mandag var jeg l\u00e6nge p\u00e5 arbejdet, og skulle k\u00f8be en masse ind f\u00f8r jeg tog hjem. Tirsdag [&hellip;]<\/p>\n","protected":false},"author":3,"featured_media":0,"comment_status":"open","ping_status":"open","sticky":false,"template":"","format":"standard","meta":{"ngg_post_thumbnail":0,"footnotes":""},"categories":[3,10],"tags":[],"class_list":["post-37","post","type-post","status-publish","format-standard","hentry","category-personlig","category-rejse"],"_links":{"self":[{"href":"https:\/\/www.bytopia.dk\/blog\/wp-json\/wp\/v2\/posts\/37","targetHints":{"allow":["GET"]}}],"collection":[{"href":"https:\/\/www.bytopia.dk\/blog\/wp-json\/wp\/v2\/posts"}],"about":[{"href":"https:\/\/www.bytopia.dk\/blog\/wp-json\/wp\/v2\/types\/post"}],"author":[{"embeddable":true,"href":"https:\/\/www.bytopia.dk\/blog\/wp-json\/wp\/v2\/users\/3"}],"replies":[{"embeddable":true,"href":"https:\/\/www.bytopia.dk\/blog\/wp-json\/wp\/v2\/comments?post=37"}],"version-history":[{"count":0,"href":"https:\/\/www.bytopia.dk\/blog\/wp-json\/wp\/v2\/posts\/37\/revisions"}],"wp:attachment":[{"href":"https:\/\/www.bytopia.dk\/blog\/wp-json\/wp\/v2\/media?parent=37"}],"wp:term":[{"taxonomy":"category","embeddable":true,"href":"https:\/\/www.bytopia.dk\/blog\/wp-json\/wp\/v2\/categories?post=37"},{"taxonomy":"post_tag","embeddable":true,"href":"https:\/\/www.bytopia.dk\/blog\/wp-json\/wp\/v2\/tags?post=37"}],"curies":[{"name":"wp","href":"https:\/\/api.w.org\/{rel}","templated":true}]}}