{"id":27,"date":"2006-09-17T17:16:51","date_gmt":"2006-09-17T15:16:51","guid":{"rendered":"http:\/\/www.carceri.dk\/blog\/?p=27"},"modified":"2008-08-12T15:57:23","modified_gmt":"2008-08-12T13:57:23","slug":"den-3-uge-i-zurich","status":"publish","type":"post","link":"https:\/\/www.bytopia.dk\/blog\/2006\/09\/17\/den-3-uge-i-zurich\/","title":{"rendered":"Den 3. uge i Z\u00fcrich"},"content":{"rendered":"<p>Okay, hvor starter man med at opsummere en hel uge?&#8230; og helst kort s\u00e5 I rent faktisk gider l\u00e6se det? Jo, aArbejde f\u00f8rst. Det g\u00e5r vel som det skal ude hos IBM. Vi har ikke lavet noget interessant endnu, men har id\u00e9erne, og er fast besluttet p\u00e5 at l\u00f8se dette problem. Dels fordi det er ret fundamentalt, der er ingen der har l\u00f8st det f\u00f8r og en anden afdeling af IBM st\u00e5r og mangler netop en l\u00f8sning p\u00e5 det problem i deres produkt \ud83d\ude42<\/p>\n<p>I onsdags havde jeg min f\u00f8rste time i fitness centeret med en instrukt\u00f8r, og i dag havde jeg s\u00e5 min anden. Nu er der s\u00e5 frit slag for mig n\u00e5r jeg har lyst til at komme derned, hvilket passer mig fint. Der er b\u00e5de styrketr\u00e6ning, spinning og bodypump s\u00e5 der er vist ingen undskyldning for at vende tilbage til Danmark i d\u00e5rligere form end da jeg kom herned. Stedet hedder <a href=\"http:\/\/www.activfitness.ch\/\">Activ Fitness<\/a> og ligger centralt midt i Z\u00fcrich, men de har ogs\u00e5 afdelinger andre steder, som jeg gerne m\u00e5 benytte.<\/p>\n<p>Onsdag aften m\u00f8dtes jeg med to gutter fra Aarhus Universitet, der var hernede i forbindelse med en konference. De skulle hjem igen torsdag, men vi skulle da lige m\u00f8des f\u00f8rst. Det startede p\u00e5 studenterbaren <a href=\"http:\/\/www.bqm.li\/\">bQm<\/a> der dog har den uheldige egenskab at den lukker kl. 22 p\u00e5 hverdage, s\u00e5 vi forsvandt ned i byen til kl. 3, og s\u00e5 p\u00e5 arbejde dagen efter kl. 8. Gaaaab \ud83d\ude42 Men det var en sjov aften.<\/p>\n<p>Fredag aften skulle jeg igen p\u00e5 bQm, men denne gang med Niek. Det viste sig dog at de lukkede endnu tidligere den dag, s\u00e5 i stedet endte vi hjemme hos Niek hvor vi satte os op p\u00e5 tagterassen p\u00e5 5. sal med udsigt over byen indtil jeg besluttede at tage hjem igen. L\u00f8rdag tog jeg s\u00e5 med Tina i Zoo, men den var nu ikke ret imponerende. Dog er der vist nok to her i byen, s\u00e5 jeg tror bare at vi tog den lille \ud83d\ude42 Det var dog hyggeligt alligevel bare at g\u00e5 rundt og snakke i det gode vejr&#8230; og f\u00e5 en is.<\/p>\n<p>Desv\u00e6rre har jeg endnu ikke fundet et sted at bo efter p\u00e5 onsdag hvor jeg bliver n\u00f8dt til at flytte herfra. P\u00e5 onsdag skal jeg med Niek ud og se p\u00e5 en 3 v\u00e6relses lejlighed, som vi m\u00e5ske vil leje sammen. Ellers har jeg ogs\u00e5 et andet sted som jeg gerne skulle h\u00f8re fra i g\u00e5r, men at de ikke har svaret tager jeg som tegn p\u00e5 at de ikke er interesseret i mig \ud83d\ude42 Tror at jeg vil bruge aftenen i dag p\u00e5 at skrive til lidt flere, men jeg er nok lidt bekymret for at det skr\u00e6mmer et par stykker at jeg skriver p\u00e5 engelsk. Oh well, vi f\u00e5r se.<\/p>\n<p>Lige nu er jeg alene hjemme da Patrick er p\u00e5 bes\u00f8g derhjemme og Tina er (endnu engang) p\u00e5 arbejde, men det passer mig nu fint nok. S\u00e5 kan jeg h\u00f8re lidt musik der ikke lige falder i de andres smag, mens jeg l\u00e6gger mit t\u00f8j sammen som jeg endelig fik vasket i aftes \ud83d\ude42<\/p>\n","protected":false},"excerpt":{"rendered":"<p>Okay, hvor starter man med at opsummere en hel uge?&#8230; og helst kort s\u00e5 I rent faktisk gider l\u00e6se det? Jo, aArbejde f\u00f8rst. Det g\u00e5r vel som det skal ude hos IBM. Vi har ikke lavet noget interessant endnu, men har id\u00e9erne, og er fast besluttet p\u00e5 at l\u00f8se dette problem. Dels fordi det er [&hellip;]<\/p>\n","protected":false},"author":3,"featured_media":0,"comment_status":"open","ping_status":"open","sticky":false,"template":"","format":"standard","meta":{"ngg_post_thumbnail":0,"footnotes":""},"categories":[3,10],"tags":[],"class_list":["post-27","post","type-post","status-publish","format-standard","hentry","category-personlig","category-rejse"],"_links":{"self":[{"href":"https:\/\/www.bytopia.dk\/blog\/wp-json\/wp\/v2\/posts\/27","targetHints":{"allow":["GET"]}}],"collection":[{"href":"https:\/\/www.bytopia.dk\/blog\/wp-json\/wp\/v2\/posts"}],"about":[{"href":"https:\/\/www.bytopia.dk\/blog\/wp-json\/wp\/v2\/types\/post"}],"author":[{"embeddable":true,"href":"https:\/\/www.bytopia.dk\/blog\/wp-json\/wp\/v2\/users\/3"}],"replies":[{"embeddable":true,"href":"https:\/\/www.bytopia.dk\/blog\/wp-json\/wp\/v2\/comments?post=27"}],"version-history":[{"count":0,"href":"https:\/\/www.bytopia.dk\/blog\/wp-json\/wp\/v2\/posts\/27\/revisions"}],"wp:attachment":[{"href":"https:\/\/www.bytopia.dk\/blog\/wp-json\/wp\/v2\/media?parent=27"}],"wp:term":[{"taxonomy":"category","embeddable":true,"href":"https:\/\/www.bytopia.dk\/blog\/wp-json\/wp\/v2\/categories?post=27"},{"taxonomy":"post_tag","embeddable":true,"href":"https:\/\/www.bytopia.dk\/blog\/wp-json\/wp\/v2\/tags?post=27"}],"curies":[{"name":"wp","href":"https:\/\/api.w.org\/{rel}","templated":true}]}}