{"id":19,"date":"2006-09-04T23:53:43","date_gmt":"2006-09-04T21:53:43","guid":{"rendered":"http:\/\/www.carceri.dk\/blog\/?p=19"},"modified":"2008-08-12T14:32:48","modified_gmt":"2008-08-12T12:32:48","slug":"en-uge-senere","status":"publish","type":"post","link":"https:\/\/www.bytopia.dk\/blog\/2006\/09\/04\/en-uge-senere\/","title":{"rendered":"En uge senere"},"content":{"rendered":"<p>Det var s\u00e5 min f\u00f8rste uge i Z\u00fcrich, men bestemt ikke den sidste \ud83d\ude42 Dagen startede ude hos IBM, men knapt nok var jeg kommet i gang med at arbejde, da alarmen l\u00f8d og alle skulle evakuere omr\u00e5det. Det viste sig at v\u00e6re et gasudslip i en af bygningerne der var \u00e5rsagen til evakueringen. Heldigvis fik min bygning hurtigt lov til at vende tilbage igen, og et par timer senere var alt tilbage i normal tilstand igen. Her er forresten et <a href=\"http:\/\/www.zurich.ibm.com\/imagegallery\/misc\/general1_compress.jpg\">luftfoto af min arbejdsplads<\/a>. Jeg sidder i den nederste bygning der er formet som et C, og sjovt nok hedder C-bygningen \ud83d\ude42 IBM har ogs\u00e5 <a href=\"http:\/\/www.zurich.ibm.com\/imagegallery\/misc\/\">andre billeder<\/a> fra Z\u00fcrich Research Lab.<\/p>\n<p>Ellers kan jeg da sige at jeg m\u00e5ske har fundet et sted at bo resten af tiden hernede. P\u00e5 torsdag skal jeg m\u00f8des med to andre gutter der har et ledigt v\u00e6relse, s\u00e5 hvem ved. I morgen holder vi stor middag herhjemme, da vi bliver hele fem personer. Hvordan vi nogensinde skal klemme dem sammen omkring 2 m2 k\u00f8kkenbord aner jeg ikke, men det vil tiden vise \ud83d\ude42<\/p>\n<p>Og s\u00e5 vil jeg da lige sige at selvom jeg skriver her, vil jeg da meget gerne af og til ogs\u00e5 h\u00f8re fra jer derhjemme. Den her envejskommunication er jo lidt upersonlig. For dem der ikke ved det, er det jo ogs\u00e5 muligt at ringe til mig, enten via Skype eller mit fastnet tlf. nr. som jeg har taget med mig. Begge dele kr\u00e6ver dog at jeg sidder ved computeren \ud83d\ude42<\/p>\n<p>N\u00e5, s\u00e5 blev det vist ogs\u00e5 sengetid hernede sydp\u00e5.<\/p>\n","protected":false},"excerpt":{"rendered":"<p>Det var s\u00e5 min f\u00f8rste uge i Z\u00fcrich, men bestemt ikke den sidste \ud83d\ude42 Dagen startede ude hos IBM, men knapt nok var jeg kommet i gang med at arbejde, da alarmen l\u00f8d og alle skulle evakuere omr\u00e5det. Det viste sig at v\u00e6re et gasudslip i en af bygningerne der var \u00e5rsagen til evakueringen. Heldigvis [&hellip;]<\/p>\n","protected":false},"author":3,"featured_media":0,"comment_status":"open","ping_status":"open","sticky":false,"template":"","format":"standard","meta":{"ngg_post_thumbnail":0,"footnotes":""},"categories":[3,10],"tags":[],"class_list":["post-19","post","type-post","status-publish","format-standard","hentry","category-personlig","category-rejse"],"_links":{"self":[{"href":"https:\/\/www.bytopia.dk\/blog\/wp-json\/wp\/v2\/posts\/19","targetHints":{"allow":["GET"]}}],"collection":[{"href":"https:\/\/www.bytopia.dk\/blog\/wp-json\/wp\/v2\/posts"}],"about":[{"href":"https:\/\/www.bytopia.dk\/blog\/wp-json\/wp\/v2\/types\/post"}],"author":[{"embeddable":true,"href":"https:\/\/www.bytopia.dk\/blog\/wp-json\/wp\/v2\/users\/3"}],"replies":[{"embeddable":true,"href":"https:\/\/www.bytopia.dk\/blog\/wp-json\/wp\/v2\/comments?post=19"}],"version-history":[{"count":0,"href":"https:\/\/www.bytopia.dk\/blog\/wp-json\/wp\/v2\/posts\/19\/revisions"}],"wp:attachment":[{"href":"https:\/\/www.bytopia.dk\/blog\/wp-json\/wp\/v2\/media?parent=19"}],"wp:term":[{"taxonomy":"category","embeddable":true,"href":"https:\/\/www.bytopia.dk\/blog\/wp-json\/wp\/v2\/categories?post=19"},{"taxonomy":"post_tag","embeddable":true,"href":"https:\/\/www.bytopia.dk\/blog\/wp-json\/wp\/v2\/tags?post=19"}],"curies":[{"name":"wp","href":"https:\/\/api.w.org\/{rel}","templated":true}]}}