{"id":101,"date":"2006-12-14T23:01:17","date_gmt":"2006-12-14T21:01:17","guid":{"rendered":"http:\/\/www.carceri.dk\/blog\/?p=101"},"modified":"2008-08-12T15:55:14","modified_gmt":"2008-08-12T13:55:14","slug":"farvel-fra-zurich","status":"publish","type":"post","link":"https:\/\/www.bytopia.dk\/blog\/2006\/12\/14\/farvel-fra-zurich\/","title":{"rendered":"Farvel fra Z\u00fcrich"},"content":{"rendered":"<p>S\u00e5 er det min sidste aften i Z\u00fcrich. Alt er pakket p\u00e5 n\u00e6r de ting jeg f\u00e5r brug for i morgen tidlig, og selvf\u00f8lgelig computeren, selvom den jo nok ogs\u00e5 indg\u00e5r i den kategori \ud83d\ude42<\/p>\n<p>I dag har jeg f\u00e5et sagt farvel til folk hos IBM. Det var lidt underligt at skulle forlade det sted der efterh\u00e5nden er blevet mit andet hjem hernede, men jeg tror jeg fik sagt farvel til de fleste&#8230; selv fiskede der sv\u00f8mmer rundt i den lille s\u00f8 \ud83d\ude42 Dog ikke til mine kollegaer fra krypto-gruppen, da vi m\u00f8dtes i aftes til middag p\u00e5 et vegetarisk-indisk restaurant&#8230; jo, det smagte faktisk godt \ud83d\ude42 Bagefter endte vi p\u00e5 en bar, men jeg valgte at smutte tidligt s\u00e5 jeg har en chance for at komme op i morgen.<\/p>\n<p>Det var en meget hyggelig aften, og b\u00e5de Susan og jeg fik mange ros for vores arbejde hernede, og de lod mig da ogs\u00e5 vide at de gerne s\u00e5 mig hernede igen p\u00e5 et tidspunkt, fx til en post doc efter min Ph.D. Jeg kommer nu til at savne nogen af dem, men s\u00e5 igen s\u00e5 er der ogs\u00e5 s\u00e5 mange jeg savner tilbage i Danmark. S\u00e5dan er det vel at rejse rundt omkring i verdenen \ud83d\ude42<\/p>\n<p>Men n\u00e5r man nu skal forlade et sted man har v\u00e6ret i 3\u00bd m\u00e5ned (siden 28. august) s\u00e5 er det vel meget passende lige at g\u00f8re en kort status over opholdet, hvad man har f\u00e5et ud af det, etc.<\/p>\n<p><strong>Arbejdsm\u00e6ssigt:<\/strong> Over al forventning. Det har virkelig v\u00e6ret fedt at arbejde med folk hos IBM Research. Is\u00e6r Susan skylder jeg en stor tak fordi jeg altid kunne tr\u00e6kke p\u00e5 hende, n\u00e5r min travle vejleder ikke havde tid, og ogs\u00e5 for at v\u00e6re en god kollega til hyggesnak i bussen eller fredag eftermiddag n\u00e5r man ikke lige kunne tage sig sammen til at komme hjemad. Og det har \u00e5benbart v\u00e6ret gensidigt at hun godt kunne lide at arbejde med mig, for jeg har nu en invitation til at komme til USA og arbejde et par m\u00e5neder p\u00e5 det universitet hvor hun bliver ansat fra januar, samt at hun meget gerne vil forts\u00e6tte vores arbejde via e-mail. Ellers har de andre kollegaer ogs\u00e5 v\u00e6ret meget flinke. Nogle var lidt sv\u00e6re at f\u00e5 i tale, men det hjalp hen ad vejen. Ogs\u00e5 folk fra de andre grupper var rare at snakke med, hvilket ofte resulterede i at frokostpausen let kunne vare en time. P\u00e5 den anden side er det et milj\u00f8 hvor mange gode id\u00e9er kommer af at folk sidder og snakker sammen. Alt i alt er jeg helt sikkert bedre rustet n\u00e5r jeg kommer hjem. B\u00e5de fagligt, men ogs\u00e5 til at omg\u00e5s personer i den slags arbejde, og til at l\u00e6re af andre.<\/p>\n<p><strong>Personligt:<\/strong> M\u00e5ske en forkert overskrift, for meget af det jeg har l\u00e6rt under det arbejdsm\u00e6ssige har jo helt klart v\u00e6ret af personlig karakter. Her mener jeg dog mere hvad jeg har f\u00e5et ud af det jeg lavede n\u00e5r jeg ikke var p\u00e5 arbejde. Jo, jeg har f\u00e5et et par bekendtskaber hernede. Niek skal jeg da helt sikkert holde kontakten med, og han kommer ogs\u00e5 til Danmark engang i n\u00e6ste \u00e5r. Ligeledes har jeg lovet at jeg tager et smut til Holland. Jeg kommer heller ikke udenom at n\u00e6vne Tina som jeg bl.a. delte lejlighed med de f\u00f8rste tre uger af mit ophold. Meget s\u00f8d pige, men desv\u00e6rre var hendes k\u00e6reste ogs\u00e5 rigtig flink \ud83d\ude42 Vi har aftalt at vi skal m\u00f8des igen p\u00e5 et tidspunkt hvis vores veje krydser hinanden. Fx har jeg lovet at hvis jeg p\u00e5 besynderlig vis havner i Australien n\u00e6ste \u00e5r, s\u00e5 skal vi m\u00f8des dernede \ud83d\ude42 Der skal hun nemlig p\u00e5 studieophold. Jeg har ogs\u00e5 m\u00f8dt mange andre mennesker, som jeg har haft det rigtigt hyggeligt med, men som jeg ikke regner med at skulle se igen, hvilket nu heller ikke g\u00f8r s\u00e5 meget, da jeg aldrig n\u00e5ede at kende dem ret godt. Dog har det ogs\u00e5 v\u00e6ret en oplevelse at v\u00e6re sammen med mennesker fra s\u00e5 mange forskellige kulturer. B\u00e5de under faglige forhold p\u00e5 arbejdet, og mere private forhold som fester, udflugter, etc. Til sidst har det jo ogs\u00e5 v\u00e6ret en oplevelse at bo og arbejde i et fremmed land. Og jeg vil da sige at hvis I skal v\u00e6lge et by i udlandet at bo i, s\u00e5 er Z\u00fcrich helt sikkert ikke det v\u00e6rste valg man kan foretage sig \ud83d\ude42<\/p>\n<p>Jeg h\u00e5ber at i det mindste et par af jer har haft gl\u00e6de, eller et eller andet, ud af at l\u00e6se mine skriblerier her. Jeg forts\u00e6tter n\u00e5r jeg kommer tilbage til Danmark, s\u00e5 I er meget velkomne til at kigge forbi engang imellem.<\/p>\n<p>Og for en god ordens skyld, s\u00e5 er her alle de billeder jeg har taget p\u00e5 turen. Der kommer m\u00e5ske et par stykker til senere, n\u00e5r jeg f\u00e5r lokket et bar billeder ud af Niek \ud83d\ude42<\/p>\n<p><a href=\"http:\/\/www.carceri.dk\/gallery\/v\/lejlighed1_zurich\/\">F\u00f8rste lejlighed i Z\u00fcrich<\/a><br \/>\n<a href=\"http:\/\/www.carceri.dk\/gallery\/v\/zurich2006\/\">Billeder fra Z\u00fcrich<\/a><br \/>\n<a href=\"http:\/\/www.carceri.dk\/gallery\/v\/sustenpass\/\">Sustenpass<\/a><br \/>\n<a href=\"http:\/\/www.carceri.dk\/gallery\/v\/lejlighed2_zurich\/\">Anden lejlighed i Z\u00fcrich<\/a><br \/>\n<a href=\"http:\/\/www.carceri.dk\/gallery\/v\/rheinfall\/\">Rheinfall og Bodensee<\/a><br \/>\n<a href=\"http:\/\/www.carceri.dk\/gallery\/v\/winterthur\/\">Winterthur<\/a><br \/>\n<a href=\"http:\/\/www.carceri.dk\/gallery\/v\/rna_belmont\/\">Flims og bjerge<\/a><br \/>\n<a href=\"http:\/\/www.carceri.dk\/gallery\/v\/leibstadt\/\">Leibstadt Atomkraftv\u00e6rk<\/a><br \/>\n<a href=\"http:\/\/www.carceri.dk\/gallery\/v\/jungfrau\/\">Jungfrau<\/a><br \/>\n<a href=\"http:\/\/www.carceri.dk\/gallery\/v\/jonas_i_zurich\/\">Jonas p\u00e5 bes\u00f8g i Z\u00fcrich<\/a><\/p>\n<p>V\u00e6kkeurene er sat, de fleste ting er pakket og der st\u00e5r Red Bull i k\u00f8leskabet til n\u00e5r jeg v\u00e5gner \ud83d\ude42<\/p>\n<p>Det var ordene fra Z\u00fcrich.<\/p>\n","protected":false},"excerpt":{"rendered":"<p>S\u00e5 er det min sidste aften i Z\u00fcrich. Alt er pakket p\u00e5 n\u00e6r de ting jeg f\u00e5r brug for i morgen tidlig, og selvf\u00f8lgelig computeren, selvom den jo nok ogs\u00e5 indg\u00e5r i den kategori \ud83d\ude42 I dag har jeg f\u00e5et sagt farvel til folk hos IBM. Det var lidt underligt at skulle forlade det sted [&hellip;]<\/p>\n","protected":false},"author":3,"featured_media":0,"comment_status":"open","ping_status":"open","sticky":false,"template":"","format":"standard","meta":{"ngg_post_thumbnail":0,"footnotes":""},"categories":[11,3,10],"tags":[],"class_list":["post-101","post","type-post","status-publish","format-standard","hentry","category-fotoalbum","category-personlig","category-rejse"],"_links":{"self":[{"href":"https:\/\/www.bytopia.dk\/blog\/wp-json\/wp\/v2\/posts\/101","targetHints":{"allow":["GET"]}}],"collection":[{"href":"https:\/\/www.bytopia.dk\/blog\/wp-json\/wp\/v2\/posts"}],"about":[{"href":"https:\/\/www.bytopia.dk\/blog\/wp-json\/wp\/v2\/types\/post"}],"author":[{"embeddable":true,"href":"https:\/\/www.bytopia.dk\/blog\/wp-json\/wp\/v2\/users\/3"}],"replies":[{"embeddable":true,"href":"https:\/\/www.bytopia.dk\/blog\/wp-json\/wp\/v2\/comments?post=101"}],"version-history":[{"count":0,"href":"https:\/\/www.bytopia.dk\/blog\/wp-json\/wp\/v2\/posts\/101\/revisions"}],"wp:attachment":[{"href":"https:\/\/www.bytopia.dk\/blog\/wp-json\/wp\/v2\/media?parent=101"}],"wp:term":[{"taxonomy":"category","embeddable":true,"href":"https:\/\/www.bytopia.dk\/blog\/wp-json\/wp\/v2\/categories?post=101"},{"taxonomy":"post_tag","embeddable":true,"href":"https:\/\/www.bytopia.dk\/blog\/wp-json\/wp\/v2\/tags?post=101"}],"curies":[{"name":"wp","href":"https:\/\/api.w.org\/{rel}","templated":true}]}}